{"id":770,"date":"2024-11-06T07:23:00","date_gmt":"2024-11-06T07:23:00","guid":{"rendered":"https:\/\/munchtr.com\/biotek9\/?p=770"},"modified":"2025-01-14T07:50:11","modified_gmt":"2025-01-14T07:50:11","slug":"biotek-tohumdan-tarla-gunu-9628hp-bt2342-ve-gelecegin-misir-cesitleri-tanitildi","status":"publish","type":"post","link":"https:\/\/biotektohum.com.tr\/en\/2024\/11\/06\/biotek-tohumdan-tarla-gunu-9628hp-bt2342-ve-gelecegin-misir-cesitleri-tanitildi\/","title":{"rendered":"Biotek Tohum\u2019dan Tarla G\u00fcn\u00fc: 9628HP, BTK2342 ve Gelece\u011fin M\u0131s\u0131r \u00c7e\u015fitleri Tan\u0131t\u0131ld\u0131"},"content":{"rendered":"<p><strong>6 Kas\u0131m\u2019da Biotek Tohum\u2019un d\u00fczenledi\u011fi Mardin Tarla G\u00fcn\u00fc, \u00e7ift\u00e7ilerimizin yo\u011fun kat\u0131l\u0131m\u0131yla ger\u00e7ekle\u015fti.<\/strong> Etkinlikte, s\u0131k ekime uygun \u00f6zellikleriyle dikkat \u00e7eken <strong>9628HP<\/strong>, \u00fcst\u00fcn dane kalitesi ve verim potansiyeline sahip <strong>BTK2342<\/strong> ve 6 yeni m\u0131s\u0131r \u00e7e\u015fidi aday\u0131 \u00e7ift\u00e7ilerimizle bulu\u015ftu.<\/p><p><strong>Tan\u0131t\u0131lan M\u0131s\u0131r \u00c7e\u015fitlerinin \u00d6ne \u00c7\u0131kan \u00d6zellikleri:<\/strong><\/p><ul class=\"wp-block-list\"><li class=\"has-black-color has-text-color has-link-color wp-elements-039dccd0e2111a33f9123f7537bd2a85\"><strong>9628HP:<\/strong><ul class=\"wp-block-list\"><li>HP \u00f6zelli\u011fiyle s\u0131k ekime uygun \u00e7e\u015fit,<\/li>\n\n<li>Yatmaya kar\u015f\u0131 dayan\u0131kl\u0131l\u0131k ve y\u00fcksek hektolitre a\u011f\u0131rl\u0131\u011f\u0131,<\/li>\n\n<li>Dengeli b\u00fcy\u00fcme ve g\u00fc\u00e7l\u00fc sap yap\u0131s\u0131.<\/li><\/ul><\/li>\n\n<li class=\"has-black-color has-text-color has-link-color wp-elements-734e7b79ddec75430945cfe19c592694\"><strong>BTK2342:<\/strong><ul class=\"wp-block-list\"><li>Y\u00fcksek dane kalitesi ve verim potansiyeli,<\/li>\n\n<li>\u00c7e\u015fitli b\u00f6lge ko\u015fullar\u0131na adaptasyon ba\u015far\u0131s\u0131,<\/li>\n\n<li>Sa\u011flam k\u00f6k yap\u0131s\u0131 ve ideal geli\u015fim performans\u0131.<\/li><\/ul><\/li>\n\n<li class=\"has-black-color has-text-color has-link-color wp-elements-44986b496d8bdffd1f9285bd5a151974\"><strong>Yeni \u00c7e\u015fit Adaylar\u0131:<\/strong><ul class=\"wp-block-list\"><li class=\"has-black-color has-text-color has-link-color wp-elements-0b22378725db22c0a98a5027dc191e26\">Y\u00fcksek verim, enerji ve adaptasyon \u00f6zellikleriyle \u00f6ne \u00e7\u0131kan yenilik\u00e7i \u00e7e\u015fitler.<\/li><\/ul><\/li><\/ul><p><strong>Etkinlikte, \u00e7ift\u00e7ilerimiz hem m\u0131s\u0131r \u00e7e\u015fitlerimizin detaylar\u0131n\u0131 \u00f6\u011frenme hem de tarla sonu\u00e7lar\u0131n\u0131 yerinde inceleme f\u0131rsat\u0131 buldu.<\/strong> \u00c7e\u015fitlerimizin sa\u011flad\u0131\u011f\u0131 avantajlar, \u00e7ift\u00e7ilerden tam not al\u0131rken gelecekteki m\u0131s\u0131r tar\u0131m\u0131 i\u00e7in umut verdi.<\/p><p><strong>Biotek Tohum olarak, tar\u0131m sekt\u00f6r\u00fcne yenilik\u00e7i \u00e7\u00f6z\u00fcmler sunarak \u00fcreticilerimizi desteklemeye devam ediyoruz.<\/strong> Mardin Tarla G\u00fcn\u00fc, b\u00f6lgede m\u0131s\u0131r tar\u0131m\u0131n\u0131 daha ileriye ta\u015f\u0131mak ad\u0131na \u00f6nemli bir ad\u0131m oldu.<\/p><p><strong>Bir Tohum, Bir Hayat!<\/strong><\/p>","protected":false},"excerpt":{"rendered":"<p>6 Kas\u0131m\u2019da Biotek Tohum\u2019un d\u00fczenledi\u011fi Mardin Tarla G\u00fcn\u00fc, \u00e7ift\u00e7ilerimizin yo\u011fun kat\u0131l\u0131m\u0131yla ger\u00e7ekle\u015fti. Etkinlikte, s\u0131k ekime uygun \u00f6zellikleriyle dikkat \u00e7eken 9628HP, \u00fcst\u00fcn dane kalitesi ve verim potansiyeline<span class=\"excerpt-hellip\"> [\u2026]<\/span><\/p>\n","protected":false},"author":1,"featured_media":756,"comment_status":"closed","ping_status":"closed","sticky":false,"template":"","format":"standard","meta":{"footnotes":""},"categories":[137],"tags":[],"class_list":["post-770","post","type-post","status-publish","format-standard","has-post-thumbnail","hentry","category-haberler-galeri"],"_links":{"self":[{"href":"https:\/\/biotektohum.com.tr\/en\/wp-json\/wp\/v2\/posts\/770","targetHints":{"allow":["GET"]}}],"collection":[{"href":"https:\/\/biotektohum.com.tr\/en\/wp-json\/wp\/v2\/posts"}],"about":[{"href":"https:\/\/biotektohum.com.tr\/en\/wp-json\/wp\/v2\/types\/post"}],"author":[{"embeddable":true,"href":"https:\/\/biotektohum.com.tr\/en\/wp-json\/wp\/v2\/users\/1"}],"replies":[{"embeddable":true,"href":"https:\/\/biotektohum.com.tr\/en\/wp-json\/wp\/v2\/comments?post=770"}],"version-history":[{"count":3,"href":"https:\/\/biotektohum.com.tr\/en\/wp-json\/wp\/v2\/posts\/770\/revisions"}],"predecessor-version":[{"id":782,"href":"https:\/\/biotektohum.com.tr\/en\/wp-json\/wp\/v2\/posts\/770\/revisions\/782"}],"wp:featuredmedia":[{"embeddable":true,"href":"https:\/\/biotektohum.com.tr\/en\/wp-json\/wp\/v2\/media\/756"}],"wp:attachment":[{"href":"https:\/\/biotektohum.com.tr\/en\/wp-json\/wp\/v2\/media?parent=770"}],"wp:term":[{"taxonomy":"category","embeddable":true,"href":"https:\/\/biotektohum.com.tr\/en\/wp-json\/wp\/v2\/categories?post=770"},{"taxonomy":"post_tag","embeddable":true,"href":"https:\/\/biotektohum.com.tr\/en\/wp-json\/wp\/v2\/tags?post=770"}],"curies":[{"name":"wp","href":"https:\/\/api.w.org\/{rel}","templated":true}]}}