{"id":763,"date":"2024-08-29T07:13:00","date_gmt":"2024-08-29T07:13:00","guid":{"rendered":"https:\/\/munchtr.com\/biotek9\/?p=763"},"modified":"2025-01-14T07:42:21","modified_gmt":"2025-01-14T07:42:21","slug":"konyada-deray-ve-kalamis-yaglik-aycicegi-tohumlarinin-bolgesel-basarisi","status":"publish","type":"post","link":"https:\/\/biotektohum.com.tr\/en\/2024\/08\/29\/konyada-deray-ve-kalamis-yaglik-aycicegi-tohumlarinin-bolgesel-basarisi\/","title":{"rendered":"KARAMAN&#8217;da DERAY ve KALAM\u0130S Ya\u011fl\u0131k Ay\u00e7i\u00e7e\u011fi Tohumlar\u0131n\u0131n B\u00f6lgesel Ba\u015far\u0131s\u0131!"},"content":{"rendered":"<p><strong>Karaman \u0130l Tar\u0131m M\u00fcd\u00fcrl\u00fc\u011f\u00fc\u2019n\u00fcn d\u00fczenledi\u011fi ya\u011fl\u0131k ay\u00e7i\u00e7e\u011fi tohumu deneme projesinde, Biotek Tohum\u2019un DERAY ve KALAM\u0130S \u00e7e\u015fitleri y\u00fcksek performans\u0131yla dikkat \u00e7ekti.<\/strong><\/p><p>Proje kapsam\u0131nda yap\u0131lan deneme ekimlerinde, DERAY ve KALAM\u0130S \u00e7e\u015fitlerimiz b\u00f6lgenin iklim ve toprak \u015fartlar\u0131na sa\u011flad\u0131\u011f\u0131 \u00fcst\u00fcn uyumla \u00e7ift\u00e7ilerden tam not ald\u0131. <strong>Y\u00fcksek ya\u011f oran\u0131, g\u00fc\u00e7l\u00fc k\u00f6k yap\u0131s\u0131 ve dayan\u0131kl\u0131l\u0131\u011f\u0131yla<\/strong> \u00f6ne \u00e7\u0131kan tohumlar\u0131m\u0131z, Konya b\u00f6lgesinde s\u00fcrd\u00fcr\u00fclebilir tar\u0131ma katk\u0131 sa\u011flad\u0131.<\/p><p><strong>Etkinlikte elde edilen sonu\u00e7lar, Biotek Tohum\u2019un yenilik\u00e7i ve kaliteli tohum \u00fcretiminde liderli\u011fini bir kez daha ortaya koydu.<\/strong> \u00c7ift\u00e7ilerimiz, tohumlar\u0131m\u0131z\u0131n sundu\u011fu y\u00fcksek verim ve ekonomik avantajlardan duyduklar\u0131 memnuniyeti dile getirdiler.<\/p><p>Biotek Tohum olarak, ya\u011fl\u0131k ay\u00e7i\u00e7e\u011fi tar\u0131m\u0131nda verimlili\u011fi art\u0131rmaya ve \u00e7ift\u00e7ilerimize destek olmaya devam ediyoruz. B\u00f6lgesel ba\u015far\u0131lar\u0131m\u0131zla, tar\u0131m sekt\u00f6r\u00fcne katk\u0131 sa\u011flamaktan gurur duyuyoruz.<\/p><p><strong>&#8220;Bir Tohum, Bir Hayat!&#8221; slogan\u0131yla tar\u0131mda fark yaratmaya devam edece\u011fiz.<\/strong><\/p>","protected":false},"excerpt":{"rendered":"<p>Karaman \u0130l Tar\u0131m M\u00fcd\u00fcrl\u00fc\u011f\u00fc\u2019n\u00fcn d\u00fczenledi\u011fi ya\u011fl\u0131k ay\u00e7i\u00e7e\u011fi tohumu deneme projesinde, Biotek Tohum\u2019un DERAY ve KALAM\u0130S \u00e7e\u015fitleri y\u00fcksek performans\u0131yla dikkat \u00e7ekti. Proje kapsam\u0131nda yap\u0131lan deneme ekimlerinde, DERAY<span class=\"excerpt-hellip\"> [\u2026]<\/span><\/p>\n","protected":false},"author":1,"featured_media":757,"comment_status":"closed","ping_status":"closed","sticky":false,"template":"","format":"standard","meta":{"footnotes":""},"categories":[137],"tags":[],"class_list":["post-763","post","type-post","status-publish","format-standard","has-post-thumbnail","hentry","category-haberler-galeri"],"_links":{"self":[{"href":"https:\/\/biotektohum.com.tr\/en\/wp-json\/wp\/v2\/posts\/763","targetHints":{"allow":["GET"]}}],"collection":[{"href":"https:\/\/biotektohum.com.tr\/en\/wp-json\/wp\/v2\/posts"}],"about":[{"href":"https:\/\/biotektohum.com.tr\/en\/wp-json\/wp\/v2\/types\/post"}],"author":[{"embeddable":true,"href":"https:\/\/biotektohum.com.tr\/en\/wp-json\/wp\/v2\/users\/1"}],"replies":[{"embeddable":true,"href":"https:\/\/biotektohum.com.tr\/en\/wp-json\/wp\/v2\/comments?post=763"}],"version-history":[{"count":2,"href":"https:\/\/biotektohum.com.tr\/en\/wp-json\/wp\/v2\/posts\/763\/revisions"}],"predecessor-version":[{"id":776,"href":"https:\/\/biotektohum.com.tr\/en\/wp-json\/wp\/v2\/posts\/763\/revisions\/776"}],"wp:featuredmedia":[{"embeddable":true,"href":"https:\/\/biotektohum.com.tr\/en\/wp-json\/wp\/v2\/media\/757"}],"wp:attachment":[{"href":"https:\/\/biotektohum.com.tr\/en\/wp-json\/wp\/v2\/media?parent=763"}],"wp:term":[{"taxonomy":"category","embeddable":true,"href":"https:\/\/biotektohum.com.tr\/en\/wp-json\/wp\/v2\/categories?post=763"},{"taxonomy":"post_tag","embeddable":true,"href":"https:\/\/biotektohum.com.tr\/en\/wp-json\/wp\/v2\/tags?post=763"}],"curies":[{"name":"wp","href":"https:\/\/api.w.org\/{rel}","templated":true}]}}